{"id":2383,"date":"2016-05-10T10:18:24","date_gmt":"2016-05-10T10:18:24","guid":{"rendered":"http:\/\/autismancaar.ro\/ro\/?p=2383"},"modified":"2016-05-10T10:18:24","modified_gmt":"2016-05-10T10:18:24","slug":"comunicat-de-presa-conferinta-nationala-dedicata-autismului-autismul-dincolo-de-copilarie","status":"publish","type":"post","link":"http:\/\/autismancaar.ro\/ro\/comunicat-de-presa-conferinta-nationala-dedicata-autismului-autismul-dincolo-de-copilarie\/","title":{"rendered":"Comunicat de presa &#8211; Conferinta Nationala dedicata autismului &#8222;Autismul dincolo de copilarie&#8221;"},"content":{"rendered":"<p><strong>Asocia\u021bia Na\u021bional\u0103 pentru Copii \u0219i Adul\u021bi cu Autism din Rom\u00e2nia (ANCAAR), \u00een parteneriat cu Universitatea Spiru Haret, prin Facultatea de Psihologie \u0219i \u0218tiin\u021bele Educa\u021biei, a organizat \u00een perioada 6-7 mai Conferin\u021ba Na\u021bional\u0103 dedicat\u0103 autismului \u201cAutismul dincolo de copil\u0103rie\u201d. Evenimentul a avut loc la Centrul Na\u021bional de Art\u0103 \u201eTinerimea Rom\u00e2n\u0103\u201d, din Strada Gutenberg num\u0103rul 19, sectorul 5, Bucure\u0219ti \u0219i se num\u0103r\u0103 printre pu\u021binele momente dedicate acestui subiect, fiind o speran\u021b\u0103 pentru tinerii diagnostica\u021bi cu Tulbur\u0103ri din Spectrul Autismului. <\/strong><\/p>\n<p><a href=\"http:\/\/autismancaar.ro\/ro\/wp-content\/uploads\/2016\/05\/ANCAAR_0155.jpg\"><img loading=\"lazy\" decoding=\"async\" class=\"alignleft size-medium wp-image-2389\" src=\"http:\/\/autismancaar.ro\/ro\/wp-content\/uploads\/2016\/05\/ANCAAR_0155-300x200.jpg\" alt=\"ANCAAR_0155\" width=\"300\" height=\"200\" srcset=\"http:\/\/autismancaar.ro\/ro\/wp-content\/uploads\/2016\/05\/ANCAAR_0155-300x200.jpg 300w, http:\/\/autismancaar.ro\/ro\/wp-content\/uploads\/2016\/05\/ANCAAR_0155.jpg 640w\" sizes=\"auto, (max-width: 300px) 100vw, 300px\" \/><\/a>Principalele teme de discu\u021bie din cadrul conferin\u021bei au abordat condi\u021bia persoanei cu autism ca adolescent \u0219i adult. Conf. Univ. Dr. Radu C\u00eerneci a prezentat modific\u0103rile structurale din creierul adolescentului cu TSA \u0219i implica\u021biile cognitive \u0219i comportamentale a acestor modific\u0103ri precum \u0219i relevan\u021ba terapeutic\u0103. Tehnicile de interven\u021bie specifice adolescen\u021bilor cu TSA au fost abordate de invitata ANCAAR din Olanda, \u00a0Hetty Joustra, Docent en supervizor PRT. Particularit\u0103\u021bile interven\u021biei la adul\u021bii cu TSA au fost prezentate de Georgeta Cri\u0219u, Psihoterapeut ANCAAR. Abordarea ANCAAR, este una de tip holistic, specific\u0103. Ea este o noutate \u00een realitatea rom\u00e2neasc\u0103 \u0219i un exemplu de bun\u0103 practic\u0103. Doamna Dr. Rodica Urziceanu a adus \u00een aten\u021bia publicului, nout\u0103\u021bi \u00een abordarea biomedical\u0103 \u00een autism. Mikul\u00e1\u0161 \u0160tub\u0148a ne-a adus un alt exemplu de buna practic\u0103, aplicat in Slovacia \u0219i venit in sprijinul autistului t\u00e2n\u0103r.<\/p>\n<p>Au fost programate 4 workshop-uri pe teme la fel de importante \u0219i care au vizat persoana adolescent\u0103 \u0219i adult\u0103 cu TSA. Doamna Psiholog Sanda Gro\u0219anu, a supus aten\u021biei celor prezen\u021bi aspecte psihocomportamentale ale adul\u021bilor cu TSA.<!--more--><\/p>\n<p>Echipa ANCAAR a propus spre traducere, comportamente ale persoanelor adulte cu TSA, ilustr\u00e2nd aspecte din via\u021ba zilnic\u0103 din Centrul ANCAAR.<\/p>\n<p>Prima zi a Conferin\u021bei a fost \u00eencununat\u0103 cu miniconcertul sus\u021binut de Victor la pian \u0219i lansarea c\u0103r\u021bii \u201cAutismul \u00een ani. Reflexii\u201d lucrare ap\u0103rut\u0103 \u00een colaborare cu Echipa ANCAAR.<\/p>\n<p>\u00cen cea de a doua zi, ultimul workshop sus\u021binut de Asist. Univ. Dr. Loredana B\u0103nic\u0103 a provocat auditoriul s\u0103 simt\u0103 \u0219i s\u0103 identifice empatia \u0219i oglindirea.<\/p>\n<p>ANCAAR sus\u0163ine at\u00e2t persoana cu TSA \u00een procesul s\u0103u de integrare social\u0103, c\u00e2t \u0219i apar\u0163in\u0103torii acestora \u00een crearea unui echilibru \u00een via\u021ba de zi cu zi.<\/p>\n<p>Conferin\u021ba \u201cAutismul dincolo de copil\u0103rie\u201d a fost un eveniment care a demonstrat\u00a0 \u00eenc\u0103 odat\u0103 c\u0103 vizibilitatea persoanelor cu TSA prin ceea ce pot face este benefic\u0103.<\/p>\n<p>Conferin\u021ba, \u00a0menit\u0103 s\u0103 adune medici speciali\u0219ti, psihologi, sociologi, p\u0103rin\u021bi \u0219i persoane diagnosticate cu TSA, studen\u0163i \u015fi masteranzi, \u00een cadrul unor sesiuni de discu\u021bii cu persoane implicate direct \u0219i workshopuri ce au propus participan\u0163ilor prezentarea dificult\u0103\u021bilor \u00eencercate de persoana cu autism, dup\u0103 perioada copil\u0103riei, precum \u0219i metode de succes culese din experien\u021ba speciali\u0219tilor autohtoni \u0219i de peste hotare \u0219i-a atins scopul.<\/p>\n<p>\u201eEste un nou succes. De la an la an remarc progresul. Aceste conferin\u021be demonstreaz\u0103 valoarea \u00eent\u00e2lnirilor directe \u00een modificarea con\u0219tiin\u021bei publice vis-a-vis de persoanele cu autism \u0219i valoarea lor social\u0103. Singurul regret este acela c\u0103 nu am reu\u0219it \u00eenc\u0103 s\u0103 aducem l\u00e2ng\u0103 noi medicii de familie. Dar nu ne pierdem speran\u021ba, vom reu\u0219i \u00een viitor!\u201d Georgeta Cri\u0219u, Pre\u0219edinte ANCAAR.<\/p>\n<p>Colaborarea dintre Asocia\u0163ia Na\u0163ional\u0103 pentru Copii \u015fi Adul\u0163i cu Autism din Rom\u00e2nia (ANCAAR ) \u015fi Facultatea Psihologie \u0219i \u0218tiin\u021bele Educa\u021biei a Universit\u0103\u0163ii Spiru Haret din Bucure\u015fti a \u00eenceput \u00een octombrie 2011, c\u00e2nd a fost deschis Centrul de Practic\u0103 \u00een Autism (CPA), pentru a deveni primul centru de practic\u0103 \u00een domeniul autismului din Rom\u00e2nia, creat pentru studen\u0163ii \u015fi masteranzii de la specializarea Psihologie. Totu\u015fi, nevoia de informare \u015fi de specializare \u00een domeniu fiind at\u00e2t de mare, la activit\u0103\u0163ile CPA au fost ad\u0103ugate ulterior \u015fi organizarea de evenimente (conferin\u0163e \u015fi simpozioane), precum \u015fi cursuri de perfec\u0163ionare \u015fi specializare \u00een domeniu pentru to\u0163i cei interesa\u0163i.<\/p>\n<p>Pentru mai multe detalii contacta\u021bi:<\/p>\n<p>GEORGETA\u00a0 CRI\u015eU, Pre\u015fedinte ANCAAR, <a href=\"mailto:office@autismancaar.ro\">office@autismancaar.ro<\/a>, telefon 0726 207 808.<\/p>\n<p>SIMONA MARICA, telefon 0725 482 621.<\/p>\n<p><strong>Galerie fotografii eveniment:<\/strong><\/p>\n\n\t\t<style type=\"text\/css\">\n\t\t\t#gallery-1 {\n\t\t\t\tmargin: auto;\n\t\t\t}\n\t\t\t#gallery-1 .gallery-item {\n\t\t\t\tfloat: left;\n\t\t\t\tmargin-top: 10px;\n\t\t\t\ttext-align: center;\n\t\t\t\twidth: 25%;\n\t\t\t}\n\t\t\t#gallery-1 img {\n\t\t\t\tborder: 2px solid #cfcfcf;\n\t\t\t}\n\t\t\t#gallery-1 .gallery-caption {\n\t\t\t\tmargin-left: 0;\n\t\t\t}\n\t\t\t\/* see gallery_shortcode() in wp-includes\/media.php *\/\n\t\t<\/style>\n\t\t<div id='gallery-1' class='gallery galleryid-2383 gallery-columns-4 gallery-size-thumbnail'><dl class='gallery-item'>\n\t\t\t<dt class='gallery-icon landscape'>\n\t\t\t\t<a href='http:\/\/autismancaar.ro\/ro\/wp-content\/uploads\/2016\/05\/ANCAAR_0007.jpg'><img loading=\"lazy\" decoding=\"async\" width=\"150\" height=\"150\" src=\"http:\/\/autismancaar.ro\/ro\/wp-content\/uploads\/2016\/05\/ANCAAR_0007-150x150.jpg\" class=\"attachment-thumbnail size-thumbnail\" alt=\"\" \/><\/a>\n\t\t\t<\/dt><\/dl><dl class='gallery-item'>\n\t\t\t<dt class='gallery-icon landscape'>\n\t\t\t\t<a href='http:\/\/autismancaar.ro\/ro\/wp-content\/uploads\/2016\/05\/ANCAAR_0010.jpg'><img loading=\"lazy\" decoding=\"async\" width=\"150\" height=\"150\" src=\"http:\/\/autismancaar.ro\/ro\/wp-content\/uploads\/2016\/05\/ANCAAR_0010-150x150.jpg\" class=\"attachment-thumbnail size-thumbnail\" alt=\"\" \/><\/a>\n\t\t\t<\/dt><\/dl><dl class='gallery-item'>\n\t\t\t<dt class='gallery-icon portrait'>\n\t\t\t\t<a href='http:\/\/autismancaar.ro\/ro\/wp-content\/uploads\/2016\/05\/ANCAAR_0024.jpg'><img loading=\"lazy\" decoding=\"async\" width=\"150\" height=\"150\" src=\"http:\/\/autismancaar.ro\/ro\/wp-content\/uploads\/2016\/05\/ANCAAR_0024-150x150.jpg\" class=\"attachment-thumbnail size-thumbnail\" alt=\"\" \/><\/a>\n\t\t\t<\/dt><\/dl><dl class='gallery-item'>\n\t\t\t<dt class='gallery-icon landscape'>\n\t\t\t\t<a href='http:\/\/autismancaar.ro\/ro\/wp-content\/uploads\/2016\/05\/ANCAAR_0051.jpg'><img loading=\"lazy\" decoding=\"async\" width=\"150\" height=\"150\" src=\"http:\/\/autismancaar.ro\/ro\/wp-content\/uploads\/2016\/05\/ANCAAR_0051-150x150.jpg\" class=\"attachment-thumbnail size-thumbnail\" alt=\"\" \/><\/a>\n\t\t\t<\/dt><\/dl><br style=\"clear: both\" \/><dl class='gallery-item'>\n\t\t\t<dt class='gallery-icon landscape'>\n\t\t\t\t<a href='http:\/\/autismancaar.ro\/ro\/wp-content\/uploads\/2016\/05\/ANCAAR_0155.jpg'><img loading=\"lazy\" decoding=\"async\" width=\"150\" height=\"150\" src=\"http:\/\/autismancaar.ro\/ro\/wp-content\/uploads\/2016\/05\/ANCAAR_0155-150x150.jpg\" class=\"attachment-thumbnail size-thumbnail\" alt=\"\" \/><\/a>\n\t\t\t<\/dt><\/dl><dl class='gallery-item'>\n\t\t\t<dt class='gallery-icon landscape'>\n\t\t\t\t<a href='http:\/\/autismancaar.ro\/ro\/wp-content\/uploads\/2016\/05\/ANCAAR_0482.jpg'><img loading=\"lazy\" decoding=\"async\" width=\"150\" height=\"150\" src=\"http:\/\/autismancaar.ro\/ro\/wp-content\/uploads\/2016\/05\/ANCAAR_0482-150x150.jpg\" class=\"attachment-thumbnail size-thumbnail\" alt=\"\" \/><\/a>\n\t\t\t<\/dt><\/dl><dl class='gallery-item'>\n\t\t\t<dt class='gallery-icon landscape'>\n\t\t\t\t<a href='http:\/\/autismancaar.ro\/ro\/wp-content\/uploads\/2016\/05\/ANCAAR_0507.jpg'><img loading=\"lazy\" decoding=\"async\" width=\"150\" height=\"150\" src=\"http:\/\/autismancaar.ro\/ro\/wp-content\/uploads\/2016\/05\/ANCAAR_0507-150x150.jpg\" class=\"attachment-thumbnail size-thumbnail\" alt=\"\" \/><\/a>\n\t\t\t<\/dt><\/dl><dl class='gallery-item'>\n\t\t\t<dt class='gallery-icon landscape'>\n\t\t\t\t<a href='http:\/\/autismancaar.ro\/ro\/wp-content\/uploads\/2016\/05\/ANCAAR_0549.jpg'><img loading=\"lazy\" decoding=\"async\" width=\"150\" height=\"150\" src=\"http:\/\/autismancaar.ro\/ro\/wp-content\/uploads\/2016\/05\/ANCAAR_0549-150x150.jpg\" class=\"attachment-thumbnail size-thumbnail\" alt=\"\" \/><\/a>\n\t\t\t<\/dt><\/dl><br style=\"clear: both\" \/>\n\t\t<\/div>\n\n<p>&nbsp;<\/p>\n","protected":false},"excerpt":{"rendered":"<p>Asocia\u021bia Na\u021bional\u0103 pentru Copii \u0219i Adul\u021bi cu Autism din Rom\u00e2nia (ANCAAR), \u00een parteneriat cu Universitatea Spiru Haret, prin Facultatea de Psihologie \u0219i \u0218tiin\u021bele Educa\u021biei, a organizat \u00een perioada 6-7 mai Conferin\u021ba Na\u021bional\u0103 dedicat\u0103 autismului \u201cAutismul dincolo de copil\u0103rie\u201d. Evenimentul a avut loc la Centrul Na\u021bional de Art\u0103 \u201eTinerimea Rom\u00e2n\u0103\u201d, din Strada Gutenberg num\u0103rul 19, sectorul [&hellip;]<\/p>\n","protected":false},"author":1,"featured_media":0,"comment_status":"open","ping_status":"open","sticky":false,"template":"","format":"standard","meta":{"ngg_post_thumbnail":0,"footnotes":""},"categories":[4],"tags":[],"class_list":["post-2383","post","type-post","status-publish","format-standard","hentry","category-eveniment"],"_links":{"self":[{"href":"http:\/\/autismancaar.ro\/ro\/wp-json\/wp\/v2\/posts\/2383","targetHints":{"allow":["GET"]}}],"collection":[{"href":"http:\/\/autismancaar.ro\/ro\/wp-json\/wp\/v2\/posts"}],"about":[{"href":"http:\/\/autismancaar.ro\/ro\/wp-json\/wp\/v2\/types\/post"}],"author":[{"embeddable":true,"href":"http:\/\/autismancaar.ro\/ro\/wp-json\/wp\/v2\/users\/1"}],"replies":[{"embeddable":true,"href":"http:\/\/autismancaar.ro\/ro\/wp-json\/wp\/v2\/comments?post=2383"}],"version-history":[{"count":2,"href":"http:\/\/autismancaar.ro\/ro\/wp-json\/wp\/v2\/posts\/2383\/revisions"}],"predecessor-version":[{"id":2393,"href":"http:\/\/autismancaar.ro\/ro\/wp-json\/wp\/v2\/posts\/2383\/revisions\/2393"}],"wp:attachment":[{"href":"http:\/\/autismancaar.ro\/ro\/wp-json\/wp\/v2\/media?parent=2383"}],"wp:term":[{"taxonomy":"category","embeddable":true,"href":"http:\/\/autismancaar.ro\/ro\/wp-json\/wp\/v2\/categories?post=2383"},{"taxonomy":"post_tag","embeddable":true,"href":"http:\/\/autismancaar.ro\/ro\/wp-json\/wp\/v2\/tags?post=2383"}],"curies":[{"name":"wp","href":"https:\/\/api.w.org\/{rel}","templated":true}]}}