{"id":3747,"date":"2023-01-12T08:54:15","date_gmt":"2023-01-12T08:54:15","guid":{"rendered":"https:\/\/autismancaar.ro\/ro\/?p=3747"},"modified":"2025-01-08T13:21:59","modified_gmt":"2025-01-08T13:21:59","slug":"ateliere-ancaar-unitate-protejata-autorizata","status":"publish","type":"post","link":"http:\/\/autismancaar.ro\/ro\/ateliere-ancaar-unitate-protejata-autorizata\/","title":{"rendered":"Ateliere ANCAAR Unitate Protejat\u0103 Autorizat\u0103"},"content":{"rendered":"<p>Unitatea Protejat\u0103 \u201c<strong>SEC\u021aIA<\/strong> <strong>ATELIERE ANCAAR<\/strong>\u201d a fost autorizat\u0103 \u00een data de 12.07. 2022, prin Ordinul Nr.598 din 12.07.2022 emis de Autoritatea Na\u021bional\u0103 pentru Protec\u021bia Drepturilor Persoanelor cu Dizabilit\u0103\u021bi.<\/p>\n<p><strong>Unitatea Protejat\u0103 \u201eAteliere ANCAAR\u201d func\u0163ioneaz\u0103 \u00een cadrul Asocia\u021biei Na\u021bionale pentru Copii \u0219i Adul\u021bi cu Autism din Rom\u00e2nia &#8211; ANCAAR, iar profitul este \u00een \u00eentregime folosit pentru serviciile sociale oferite de ANCAAR, pentru beneficiarii persoane din spectru autist.<\/strong><\/p>\n<p>Unitatea Protejat\u0103 \u201c<strong>ATELIERE ANCAAR<\/strong>\u201d respect\u0103 reglement\u0103rile legale, \u00een vigoare.<\/p>\n<p><strong>Art. 5. \u2013 <\/strong>(1) <em><u>Propria activitate a persoanei cu handicap angajate<\/u><\/em> \u00een cadrul unit\u0103\u021bii protejate autorizate reprezint\u0103 ansamblul activit\u0103\u021bilor realizate integral sau par\u021bial de persoana cu handicap\/invalid\u0103 gradul III, \u00een scopul ob\u021binerii produsului comercializabil sau \u00een scopul prest\u0103rii serviciului.<\/p>\n<p><strong>Art. 5. \u2013 <\/strong>(2) Produsul comercializabil reprezint\u0103 bunul material ob\u021binut prin prelucrarea materiilor prime \u00een procesul de produc\u021bie realizat prin propria activitate a persoanei cu handicap\/invalid\u0103 gradul III, iar serviciul prestat reprezint\u0103 opera\u021biunea realizat\u0103 prin propria activitate a persoanei cu handicap\/invalid\u0103 gradul III, <strong><em><u>care nu constituie intermediere sau livrare de bunuri<\/u><\/em><\/strong>, altele dec\u00e2t cele rezultate din activitatea de produc\u021bie a entit\u0103\u021bii, al c\u0103rui cost este reprezentat de minimum 70% din cheltuielile salariale.<\/p>\n<p>Unitatea Protejat\u0103 \u201cATELIERE ANCAAR\u201d pune la dispozi\u021bie produse de tipul:<\/p>\n<p><strong>Tablouri<\/strong>: tablouri pictate \u00een ulei, vopsea acrilic\u0103 tempera\/gua\u0219\u0103, pastel, efectuate \u00een diverse metode specifice, de dimesiuni variabile.<\/p>\n<p><strong>Tablouri-montaj<\/strong> de cristale, la orice dimensiune.<\/p>\n<p><strong>Produse din lemn pictate manual<\/strong> (cutii de bijuterii, suporturi, rame foto).<\/p>\n<p><strong>Invita\u0163ii evenimente, calendare<\/strong>, efectuate \u00een tehnici lucrative diverse.<\/p>\n<p><strong>Felicit\u0103ri<\/strong>: pictate, quilling, cu sclipici, cusute de m\u00e2n\u0103, personalizate.<\/p>\n<p><strong>Produse handmade<\/strong>: bro\u015fe, m\u0103r\u0163i\u015foare, br\u0103\u0163ari, coliere, m\u0103rgele, cercei, s\u0103cule\u0163i, tr\u0103istu\u0163e , perne, realizate manual, decoratiuni diverse.<\/p>\n<p><strong>Aranjamente florale tematice<\/strong> (Cr\u0103ciun, Pa\u015fti, M\u0103r\u021bisor) compuse din flori naturale \u0219i ornamente efectuate \u00een ateliere.<\/p>\n<p>Orice comand\u0103 efectuat\u0103 (prin e-mail, prin achizi\u021bie direct\u0103 pe platformele de e-comerce) sau contract de furnizare de produse constituie oportunit\u0103\u021bi de implicare social\u0103!<\/p>\n<ul>\n<li><a href=\"http:\/\/autismancaar.ro\/ro\/wp-content\/uploads\/2025\/01\/Raport-UPA-2024.pdf\" target=\"_blank\" rel=\"noopener\"><strong>Raport activitate 2024<\/strong><\/a><\/li>\n<li><a href=\"http:\/\/autismancaar.ro\/ro\/wp-content\/uploads\/2025\/01\/rap-upa-2023.pdf\" target=\"_blank\" rel=\"noopener\"><strong>Raport activitate 2023<\/strong><\/a><\/li>\n<li><a href=\"http:\/\/autismancaar.ro\/ro\/wp-content\/uploads\/2025\/01\/Raport-UPA-2022.pdf\" target=\"_blank\" rel=\"noopener\"><strong>Raport activitate 2022<\/strong><\/a><\/li>\n<\/ul>\n","protected":false},"excerpt":{"rendered":"<p>Unitatea Protejat\u0103 \u201cSEC\u021aIA ATELIERE ANCAAR\u201d a fost autorizat\u0103 \u00een data de 12.07. 2022, prin Ordinul Nr.598 din 12.07.2022 emis de Autoritatea Na\u021bional\u0103 pentru Protec\u021bia Drepturilor Persoanelor cu Dizabilit\u0103\u021bi. Unitatea Protejat\u0103 \u201eAteliere ANCAAR\u201d func\u0163ioneaz\u0103 \u00een cadrul Asocia\u021biei Na\u021bionale pentru Copii \u0219i Adul\u021bi cu Autism din Rom\u00e2nia &#8211; ANCAAR, iar profitul este \u00een \u00eentregime folosit pentru serviciile [&hellip;]<\/p>\n","protected":false},"author":1,"featured_media":0,"comment_status":"open","ping_status":"open","sticky":false,"template":"","format":"standard","meta":{"ngg_post_thumbnail":0,"footnotes":""},"categories":[19],"tags":[],"class_list":["post-3747","post","type-post","status-publish","format-standard","hentry","category-ateliere-ancaar-upa"],"_links":{"self":[{"href":"http:\/\/autismancaar.ro\/ro\/wp-json\/wp\/v2\/posts\/3747","targetHints":{"allow":["GET"]}}],"collection":[{"href":"http:\/\/autismancaar.ro\/ro\/wp-json\/wp\/v2\/posts"}],"about":[{"href":"http:\/\/autismancaar.ro\/ro\/wp-json\/wp\/v2\/types\/post"}],"author":[{"embeddable":true,"href":"http:\/\/autismancaar.ro\/ro\/wp-json\/wp\/v2\/users\/1"}],"replies":[{"embeddable":true,"href":"http:\/\/autismancaar.ro\/ro\/wp-json\/wp\/v2\/comments?post=3747"}],"version-history":[{"count":3,"href":"http:\/\/autismancaar.ro\/ro\/wp-json\/wp\/v2\/posts\/3747\/revisions"}],"predecessor-version":[{"id":3883,"href":"http:\/\/autismancaar.ro\/ro\/wp-json\/wp\/v2\/posts\/3747\/revisions\/3883"}],"wp:attachment":[{"href":"http:\/\/autismancaar.ro\/ro\/wp-json\/wp\/v2\/media?parent=3747"}],"wp:term":[{"taxonomy":"category","embeddable":true,"href":"http:\/\/autismancaar.ro\/ro\/wp-json\/wp\/v2\/categories?post=3747"},{"taxonomy":"post_tag","embeddable":true,"href":"http:\/\/autismancaar.ro\/ro\/wp-json\/wp\/v2\/tags?post=3747"}],"curies":[{"name":"wp","href":"https:\/\/api.w.org\/{rel}","templated":true}]}}