{"id":418,"date":"2011-06-19T15:47:47","date_gmt":"2011-06-19T15:47:47","guid":{"rendered":"http:\/\/autismancaar.ro\/?p=418"},"modified":"2011-06-19T15:47:47","modified_gmt":"2011-06-19T15:47:47","slug":"1-din-35-de-copii-prezinta-o-forma-de-autism","status":"publish","type":"post","link":"http:\/\/autismancaar.ro\/ro\/1-din-35-de-copii-prezinta-o-forma-de-autism\/","title":{"rendered":"1 din 35 de copii prezinta o form\u0103 de autism"},"content":{"rendered":"<p>O echip\u0103 de cercet\u0103tori de la universit\u0103\u021bile americane Yale \u0219i George Washington au finalizat, recent, un studiu prin care, folosind o metod\u0103 de observare \u0219i diagnosticare nou\u0103, s-a stabilit c\u0103 2,6% din popula\u021bia Coreei de Sud prezint\u0103 o afec\u021biune din spectrul autismului. Este o rat\u0103 de afectare mult mai mare dec\u00e2t cea estimat\u0103 p\u00e2n\u0103 acum, pentru c\u0103, \u00een traducere, aceasta \u00eenseamn\u0103 c\u0103<strong> 1 din 38<\/strong> de copii este afectat de autism. Prezentat \u00een <em><a href=\"http:\/\/ajp.psychiatryonline.org\/cgi\/reprint\/appi.ajp.2011.10101532v1\" target=\"_blank\">American Journal of Psychiatry<\/a><\/em>, studiul a avut \u00een vizor 55.000 de copii cu v\u00e2rste cuprinse \u00eentre 7 \u0219i 12 ani, afla\u021bi at\u00e2t \u00een sistemul na\u021bional de educa\u021bie, c\u00e2t \u0219i sub jurisdic\u021bia serviciilor speciale educa\u021bionale.<!--more--><\/p>\n<p>Cercet\u0103torii au &#8222;scanat&#8221; to\u021bi copiii folosind evalu\u0103ri comprehensive de diagnostic, chestion\u00e2nd p\u0103rin\u021bii \u0219i educatorii \u0219i, \u00een premier\u0103 fa\u021b\u0103 de celelalte cercet\u0103ri de p\u00e2n\u0103 acum, analizand \u0219i aspectele fizice ale copiilor, chiar \u0219i ale celor care nu erau cuprin\u0219i \u00een eviden\u021bele cu persoane av\u00e2nd necesit\u0103\u021bi speciale de educa\u021bie.<\/p>\n<p>Foarte util pentru cei interesa\u021bi de evolu\u021bia autismului este faptul c\u0103 speciali\u0219tii americani au atras aten\u021bia c\u0103 nu numai \u00een Coreea de Sud se constat\u0103 o cre\u0219tere a prevalen\u021bei autismului, ci \u0219i la nivel mondial, subliniind c\u0103 se poate concluziona c\u0103 estim\u0103rile f\u0103cute p\u00e2n\u0103 acum cu privire la num\u0103rul de persoane afectate de autism la nivel global sunt dep\u0103\u0219ite cu mult de realitate. &#8222;Cercetarea noastr\u0103 nu sugereaz\u0103 c\u0103 \u00een Coreea copiii au autism \u00eentr-o m\u0103sur\u0103 mai mare dec\u00e2t \u00een celelalte \u021b\u0103ri, ci sugereaz\u0103 c\u0103 autismul poate fi mai comun dec\u00e2t s-a crezut p\u00e2n\u0103 acum. Aceast\u0103 cercetare demonstreaz\u0103 cu putere c\u0103 metodele folosite \u00een studiile de prevalen\u021b\u0103 a autismului influen\u021beaz\u0103 profund estim\u0103rile&#8221;, a afirmat antropologul Roy Richard Grinker.<br \/>\n(Sursa:\u00a0<a href=\"http:\/\/ajp.psychiatryonline.org\/cgi\/reprint\/appi.ajp.2011.10101532v1\" target=\"_blank\">http:\/\/ajp.psychiatryonline.org\/cgi\/reprint\/appi.ajp.2011.10101532v1<\/a>).<\/p>\n","protected":false},"excerpt":{"rendered":"<p>O echip\u0103 de cercet\u0103tori de la universit\u0103\u021bile americane Yale \u0219i George Washington au finalizat, recent, un studiu prin care, folosind o metod\u0103 de observare \u0219i diagnosticare nou\u0103, s-a stabilit c\u0103 2,6% din popula\u021bia Coreei de Sud prezint\u0103 o afec\u021biune din spectrul autismului. Este o rat\u0103 de afectare mult mai mare dec\u00e2t cea estimat\u0103 p\u00e2n\u0103 acum, [&hellip;]<\/p>\n","protected":false},"author":2,"featured_media":0,"comment_status":"open","ping_status":"open","sticky":false,"template":"","format":"standard","meta":{"ngg_post_thumbnail":0,"footnotes":""},"categories":[7],"tags":[],"class_list":["post-418","post","type-post","status-publish","format-standard","hentry","category-utile"],"_links":{"self":[{"href":"http:\/\/autismancaar.ro\/ro\/wp-json\/wp\/v2\/posts\/418","targetHints":{"allow":["GET"]}}],"collection":[{"href":"http:\/\/autismancaar.ro\/ro\/wp-json\/wp\/v2\/posts"}],"about":[{"href":"http:\/\/autismancaar.ro\/ro\/wp-json\/wp\/v2\/types\/post"}],"author":[{"embeddable":true,"href":"http:\/\/autismancaar.ro\/ro\/wp-json\/wp\/v2\/users\/2"}],"replies":[{"embeddable":true,"href":"http:\/\/autismancaar.ro\/ro\/wp-json\/wp\/v2\/comments?post=418"}],"version-history":[{"count":0,"href":"http:\/\/autismancaar.ro\/ro\/wp-json\/wp\/v2\/posts\/418\/revisions"}],"wp:attachment":[{"href":"http:\/\/autismancaar.ro\/ro\/wp-json\/wp\/v2\/media?parent=418"}],"wp:term":[{"taxonomy":"category","embeddable":true,"href":"http:\/\/autismancaar.ro\/ro\/wp-json\/wp\/v2\/categories?post=418"},{"taxonomy":"post_tag","embeddable":true,"href":"http:\/\/autismancaar.ro\/ro\/wp-json\/wp\/v2\/tags?post=418"}],"curies":[{"name":"wp","href":"https:\/\/api.w.org\/{rel}","templated":true}]}}